{"id":27240,"date":"2022-01-16T00:23:33","date_gmt":"2022-01-15T23:23:33","guid":{"rendered":"http:\/\/www.lemonskin.net\/io\/?p=27240"},"modified":"2026-04-07T15:49:21","modified_gmt":"2026-04-07T13:49:21","slug":"pensieri-gennaio-2022","status":"publish","type":"post","link":"https:\/\/www.lemonskin.net\/io\/27240\/","title":{"rendered":"Pensieri \u2014 Gennaio 2022"},"content":{"rendered":"\n<figure class=\"wp-block-image size-full\"><img loading=\"lazy\" decoding=\"async\" width=\"730\" height=\"250\" src=\"https:\/\/www.lemonskin.net\/io\/wp-content\/uploads\/2020\/06\/Casino.png\" alt=\"\" class=\"wp-image-21332\" srcset=\"https:\/\/www.lemonskin.net\/io\/wp-content\/uploads\/2020\/06\/Casino.png 730w, https:\/\/www.lemonskin.net\/io\/wp-content\/uploads\/2020\/06\/Casino-300x103.png 300w\" sizes=\"auto, (max-width: 730px) 100vw, 730px\" \/><\/figure>\n\n\n\n<p class=\"has-drop-cap\">Ammetto di essere un blogger estremamente incostante. Passano spesso numerosi mesi tra un post e l\u2019altro e questo piccolo sito d\u00e0 un po\u2019 l\u2019impressione di essere abbandonato.<\/p>\n\n\n\n<p>In realt\u00e0 faccio tante cose, ho molte idee e progetti; molti dei quali non si concretizzano nel lungo termine, ma mi forniscono comunque nuovi spunti per realizzare qualcosa di interessante che alla fine riesce finalmente a vedere la luce.<\/p>\n\n\n\n<p>Ho quindi deciso di pubblicare una piccola rubrica a cadenza mensile, nella quale mostrer\u00f2 a cosa sto lavorando. Non tutto, perch\u00e9 a volte creo regali di compleanno o Natale per gli amici (comincio generalmente gi\u00e0 a gennaio) e non posso scriverlo pubblicamente, altrimenti ciao ciao sorpresa.<\/p>\n\n\n\n<p>Ma credo di averne a sufficienza per riempire un articolo. Articolo che sar\u00e0 naturalmente dinamico: si aggiorner\u00e0 nell\u2019arco dei trenta<sup class=\"modern-footnotes-footnote modern-footnotes-footnote--expands-on-desktop \" data-mfn=\"1\" data-mfn-post-scope=\"000000000000073d0000000000000000_27240\"><a href=\"javascript:void(0)\"  role=\"button\" aria-pressed=\"false\" aria-describedby=\"mfn-content-000000000000073d0000000000000000_27240-1\">1<\/a><\/sup><span id=\"mfn-content-000000000000073d0000000000000000_27240-1\" role=\"tooltip\" class=\"modern-footnotes-footnote__note\" tabindex=\"0\" data-mfn=\"1\">&#8230; ventotto&#8230; trentuno&#8230;<\/span> giorni, nel caso sentissi la necessit\u00e0 di aggiungere o modificare qualcosa.<\/p>\n\n\n\n<!--more-->\n\n\n\n<details class=\"wp-block-details is-layout-flow wp-block-details-is-layout-flow\"><summary>16 gennaio<\/summary>\n<h2 class=\"wp-block-heading\">L\u2019Atlante della Terra di Mezzo <\/h2>\n\n\n\n<p>Sono anni che vorrei rifare l&#8217;Atlante della Terra di Mezzo traducendo tutte le mappe dall&#8217;inglese all&#8217;italiano, perch\u00e9 Bompiani non ha alcuna intenzione di farlo. Ma si tratta di un lavoro immenso, sia perch\u00e9 le immagini sono pi\u00f9 di cento, sia perch\u00e9 non ho a disposizione gli scan in alta qualit\u00e0 delle tavole di Karen Wynn Fonstad (ho chiesto a Bompiani, ma ciccia).<\/p>\n\n\n\n<p>Il problema di fondo \u00e8 che dovrei scansionare tutte le pagine del mio volume, ma questo lo rovinerebbe perch\u00e9 dovrei aprirlo come una cozza, spaccando la rilegatura (era gi\u00e0 accaduto realizzando <a href=\"https:\/\/www.lemonskin.net\/io\/23582\/\" data-type=\"post\" data-id=\"23582\" target=\"_blank\" rel=\"noreferrer noopener\"><em>I Percorsi dell&#8217;Anello<\/em><\/a> e vorrei evitare di farlo nuovamente). Le alternative sarebbero ridisegnare tutto da capo, oppure modificare le immagini di scarsissima qualit\u00e0 presenti sui vari PDF del libro, che girano clandestinamente sulla rete.<\/p>\n\n\n\n<p>Questa \u00e8 una tavola originale:<\/p>\n\n\n\n<figure class=\"wp-block-image size-full\"><img loading=\"lazy\" decoding=\"async\" width=\"730\" height=\"961\" src=\"https:\/\/www.lemonskin.net\/io\/wp-content\/uploads\/2022\/01\/Pensieri-2022-01-Atlas-01.jpg\" alt=\"\" class=\"wp-image-27247\" srcset=\"https:\/\/www.lemonskin.net\/io\/wp-content\/uploads\/2022\/01\/Pensieri-2022-01-Atlas-01.jpg 730w, https:\/\/www.lemonskin.net\/io\/wp-content\/uploads\/2022\/01\/Pensieri-2022-01-Atlas-01-228x300.jpg 228w\" sizes=\"auto, (max-width: 730px) 100vw, 730px\" \/><\/figure>\n\n\n\n<p>Questa \u00e8 la stessa tavola completamente ridisegnata:<\/p>\n\n\n\n<figure class=\"wp-block-image size-full\"><img loading=\"lazy\" decoding=\"async\" width=\"730\" height=\"1001\" src=\"https:\/\/www.lemonskin.net\/io\/wp-content\/uploads\/2022\/01\/Pensieri-2022-01-Atlas-03.jpg\" alt=\"\" class=\"wp-image-27248\" srcset=\"https:\/\/www.lemonskin.net\/io\/wp-content\/uploads\/2022\/01\/Pensieri-2022-01-Atlas-03.jpg 730w, https:\/\/www.lemonskin.net\/io\/wp-content\/uploads\/2022\/01\/Pensieri-2022-01-Atlas-03-219x300.jpg 219w\" sizes=\"auto, (max-width: 730px) 100vw, 730px\" \/><\/figure>\n\n\n\n<p>Infine ecco la tavola originale dalla quale ho cancellato le scritte inglesi e aggiunto quelle italiane:<\/p>\n\n\n\n<figure class=\"wp-block-image size-full\"><img loading=\"lazy\" decoding=\"async\" width=\"730\" height=\"961\" src=\"https:\/\/www.lemonskin.net\/io\/wp-content\/uploads\/2022\/01\/Pensieri-2022-01-Atlas-02.jpg\" alt=\"\" class=\"wp-image-27249\" srcset=\"https:\/\/www.lemonskin.net\/io\/wp-content\/uploads\/2022\/01\/Pensieri-2022-01-Atlas-02.jpg 730w, https:\/\/www.lemonskin.net\/io\/wp-content\/uploads\/2022\/01\/Pensieri-2022-01-Atlas-02-228x300.jpg 228w\" sizes=\"auto, (max-width: 730px) 100vw, 730px\" \/><\/figure>\n\n\n\n<p>Mi trovo attualmente in questo limbo di possibilit\u00e0. L&#8217;ultima soluzione \u00e8 quella che al momento mi sembra la pi\u00f9 percorribile: ho impiegato circa un&#8217;oretta di tempo per crearla contro un&#8217;intera giornata per ridisegnarla da zero.<\/p>\n\n\n\n<p>La qualit\u00e0 sar\u00e0 cos\u00ec cos\u00ec a causa degli spaventosi artefatti JPEG delle immagini d&#8217;origine, ma credo che una volta stampate e rilegate in un libro, non saranno cos\u00ec terribili (spero).<\/p>\n\n\n\n<p>Molto probabilmente proceder\u00f2 su questa strada, ma non so quando (e se) ne avr\u00f2 veramente voglia (e tempo).<\/p>\n\n\n\n<h2 class=\"wp-block-heading\">Mappa di Arda<\/h2>\n\n\n\n<figure class=\"wp-block-image size-full\"><img loading=\"lazy\" decoding=\"async\" width=\"730\" height=\"508\" src=\"https:\/\/www.lemonskin.net\/io\/wp-content\/uploads\/2022\/01\/Pensieri-2022-01-Ipermappa.png\" alt=\"\" class=\"wp-image-27250\" srcset=\"https:\/\/www.lemonskin.net\/io\/wp-content\/uploads\/2022\/01\/Pensieri-2022-01-Ipermappa.png 730w, https:\/\/www.lemonskin.net\/io\/wp-content\/uploads\/2022\/01\/Pensieri-2022-01-Ipermappa-300x209.png 300w\" sizes=\"auto, (max-width: 730px) 100vw, 730px\" \/><\/figure>\n\n\n\n<p>\u00c8 una delle mappe pi\u00f9 ambiziose che vorrei realizzare. Oltre alla Terra di Mezzo ci sarebbe il Beleriand, N\u00famenor e Valinor. Naturalmente, non essendo esistite tutte contemporaneamente (perlomeno non in questa forma&#8230; lo so, \u00e8 complicato&#8230;), utilizzerei uno schema di colori per distinguerle tra loro (ad esempio il Beleriand e N\u00famenor in blu, per indicare che sono sprofondate nell&#8217;oceano e Valinor in trasparenza perch\u00e9 a un certo punto non si trovava pi\u00f9 sul piano fisico<sup class=\"modern-footnotes-footnote modern-footnotes-footnote--expands-on-desktop \" data-mfn=\"2\" data-mfn-post-scope=\"000000000000073d0000000000000000_27240\"><a href=\"javascript:void(0)\"  role=\"button\" aria-pressed=\"false\" aria-describedby=\"mfn-content-000000000000073d0000000000000000_27240-2\">2<\/a><\/sup><span id=\"mfn-content-000000000000073d0000000000000000_27240-2\" role=\"tooltip\" class=\"modern-footnotes-footnote__note\" tabindex=\"0\" data-mfn=\"2\">Diciamo cos\u00ec.<\/span>).<\/p>\n\n\n\n<p>L&#8217;immagine sopra \u00e8 un <em>work in progress<\/em> preliminare, c&#8217;\u00e8 tantissimo lavoro da fare e probabilmente rimarr\u00e0 l\u00ec a fermentare ancora per un po&#8217;.<\/p>\n\n\n\n<p>P.S. Ladros mi fa sempre ridere: posizionata cos\u00ec al nord mi fa sempre venire in mente un partitaccio politico che non nominer\u00f2. ;)<\/p>\n\n\n\n<h2 class=\"wp-block-heading\">Topolinissimo 1930, 1931, 1932<\/h2>\n\n\n\n<p>Quand&#8217;ero piccolo mia nonna aveva questo cofanetto di fumetti di Topolino anni &#8217;30 (i fumetti, non il cofanetto che \u00e8 del 1974), che ora \u00e8 nella mia libreria:<\/p>\n\n\n\n<figure class=\"wp-block-image size-full\"><img loading=\"lazy\" decoding=\"async\" width=\"730\" height=\"343\" src=\"https:\/\/www.lemonskin.net\/io\/wp-content\/uploads\/2022\/01\/Pensieri-2022-01-Topolinissimo-1.jpg\" alt=\"\" class=\"wp-image-27252\" srcset=\"https:\/\/www.lemonskin.net\/io\/wp-content\/uploads\/2022\/01\/Pensieri-2022-01-Topolinissimo-1.jpg 730w, https:\/\/www.lemonskin.net\/io\/wp-content\/uploads\/2022\/01\/Pensieri-2022-01-Topolinissimo-1-300x141.jpg 300w\" sizes=\"auto, (max-width: 730px) 100vw, 730px\" \/><\/figure>\n\n\n\n<p>Mi \u00e8 venuta voglia di ridisegnare le copertine (che in realt\u00e0 scorrono fin sul retro dei volumi), per farci&#8230; boh&#8230; probabilmente tre quadretti.<\/p>\n\n\n\n<p>Al momento mi trovo a questo punto (i colori non sono ancora definitivi):<\/p>\n\n\n\n<figure class=\"wp-block-image size-full\"><img loading=\"lazy\" decoding=\"async\" width=\"730\" height=\"491\" src=\"https:\/\/www.lemonskin.net\/io\/wp-content\/uploads\/2022\/01\/Pensieri-2022-01-Topolinissimo-2.png\" alt=\"\" class=\"wp-image-27253\" srcset=\"https:\/\/www.lemonskin.net\/io\/wp-content\/uploads\/2022\/01\/Pensieri-2022-01-Topolinissimo-2.png 730w, https:\/\/www.lemonskin.net\/io\/wp-content\/uploads\/2022\/01\/Pensieri-2022-01-Topolinissimo-2-300x202.png 300w\" sizes=\"auto, (max-width: 730px) 100vw, 730px\" \/><\/figure>\n\n\n\n<figure class=\"wp-block-image size-full\"><img loading=\"lazy\" decoding=\"async\" width=\"730\" height=\"491\" src=\"https:\/\/www.lemonskin.net\/io\/wp-content\/uploads\/2022\/01\/Pensieri-2022-01-Topolinissimo-3.png\" alt=\"\" class=\"wp-image-27254\" srcset=\"https:\/\/www.lemonskin.net\/io\/wp-content\/uploads\/2022\/01\/Pensieri-2022-01-Topolinissimo-3.png 730w, https:\/\/www.lemonskin.net\/io\/wp-content\/uploads\/2022\/01\/Pensieri-2022-01-Topolinissimo-3-300x202.png 300w\" sizes=\"auto, (max-width: 730px) 100vw, 730px\" \/><\/figure>\n<\/details>\n\n\n\n<details class=\"wp-block-details is-layout-flow wp-block-details-is-layout-flow\"><summary>17 gennaio<\/summary>\n<p>Ok, ho preso una decisione definitiva per l&#8217;Atlante della Terra di Mezzo: utilizzer\u00f2 gli scan di discutibile qualit\u00e0 che ho trovato online, eliminer\u00f2 le scritte inglesi e aggiunger\u00f2 quelle italiane. Gli artefatti da compressione sono tremendi, ma sono piuttosto confidente sul fatto che non appariranno sulla stampa (perlomeno non in modo evidente; inoltre ho migliorato il migliorabile).<\/p>\n\n\n\n<p>In questo modo posso ipotizzare pi\u00f9 o meno un giorno di lavoro per mappa. Inoltre, almeno inizialmente, mi concentrer\u00f2 unicamente sullo Hobbit e sul Signore degli Anelli (e gi\u00e0 quelli mi porteranno via un sacco di tempo perch\u00e9, oltre alle immagini, ci sar\u00e0 da processare\/tradurre tutto il testo).<\/p>\n\n\n\n<p>Probabilmente in settimana prover\u00f2 a chiedere ad HarperCollins se per caso hanno una cartella di immagini da qualche parte, spiegando bene cosa voglio fare. Non ho alcuna aspettativa ma non si sa mai.<\/p>\n\n\n\n<p>Comunque sia questa \u00e8 la prima parte della mappa iniziale dello Hobbit. Se il progetto andr\u00e0 avanti, ecco il risultato.<\/p>\n\n\n\n<p>Mappa originale:<\/p>\n\n\n\n<figure class=\"wp-block-image size-full\"><img loading=\"lazy\" decoding=\"async\" width=\"730\" height=\"196\" src=\"https:\/\/www.lemonskin.net\/io\/wp-content\/uploads\/2022\/01\/Pensieri-2022-01-Atlas-07.png\" alt=\"\" class=\"wp-image-27279\" srcset=\"https:\/\/www.lemonskin.net\/io\/wp-content\/uploads\/2022\/01\/Pensieri-2022-01-Atlas-07.png 730w, https:\/\/www.lemonskin.net\/io\/wp-content\/uploads\/2022\/01\/Pensieri-2022-01-Atlas-07-300x81.png 300w\" sizes=\"auto, (max-width: 730px) 100vw, 730px\" \/><\/figure>\n\n\n\n<p>Mappa tradotta:<\/p>\n\n\n\n<figure class=\"wp-block-image size-full\"><img loading=\"lazy\" decoding=\"async\" width=\"730\" height=\"194\" src=\"https:\/\/www.lemonskin.net\/io\/wp-content\/uploads\/2022\/01\/Pensieri-2022-01-Atlas-04.png\" alt=\"\" class=\"wp-image-27271\" srcset=\"https:\/\/www.lemonskin.net\/io\/wp-content\/uploads\/2022\/01\/Pensieri-2022-01-Atlas-04.png 730w, https:\/\/www.lemonskin.net\/io\/wp-content\/uploads\/2022\/01\/Pensieri-2022-01-Atlas-04-300x80.png 300w\" sizes=\"auto, (max-width: 730px) 100vw, 730px\" \/><\/figure>\n\n\n\n<p>Ok, non si vede niente perch\u00e9 la mappa \u00e8 immensa (42 centimetri di lunghezza a risoluzione stampa), vediamo di zoomare un po&#8217;:<\/p>\n\n\n\n<figure class=\"wp-block-image size-full\"><img loading=\"lazy\" decoding=\"async\" width=\"730\" height=\"328\" src=\"https:\/\/www.lemonskin.net\/io\/wp-content\/uploads\/2022\/01\/Pensieri-2022-01-Atlas-05.png\" alt=\"\" class=\"wp-image-27272\" srcset=\"https:\/\/www.lemonskin.net\/io\/wp-content\/uploads\/2022\/01\/Pensieri-2022-01-Atlas-05.png 730w, https:\/\/www.lemonskin.net\/io\/wp-content\/uploads\/2022\/01\/Pensieri-2022-01-Atlas-05-300x135.png 300w\" sizes=\"auto, (max-width: 730px) 100vw, 730px\" \/><\/figure>\n\n\n\n<p>Ancora troppo piccola? Eccola a dimensioni reali (100%):<\/p>\n\n\n\n<figure class=\"wp-block-image size-full\"><img loading=\"lazy\" decoding=\"async\" width=\"730\" height=\"400\" src=\"https:\/\/www.lemonskin.net\/io\/wp-content\/uploads\/2022\/01\/Pensieri-2022-01-Atlas-06.png\" alt=\"\" class=\"wp-image-27274\" srcset=\"https:\/\/www.lemonskin.net\/io\/wp-content\/uploads\/2022\/01\/Pensieri-2022-01-Atlas-06.png 730w, https:\/\/www.lemonskin.net\/io\/wp-content\/uploads\/2022\/01\/Pensieri-2022-01-Atlas-06-300x164.png 300w\" sizes=\"auto, (max-width: 730px) 100vw, 730px\" \/><\/figure>\n\n\n\n<p>Medesimo dettaglio sulla tavola originale:<\/p>\n\n\n\n<figure class=\"wp-block-image size-full\"><img loading=\"lazy\" decoding=\"async\" width=\"730\" height=\"400\" src=\"https:\/\/www.lemonskin.net\/io\/wp-content\/uploads\/2022\/01\/Pensieri-2022-01-Atlas-08.png\" alt=\"\" class=\"wp-image-27282\" srcset=\"https:\/\/www.lemonskin.net\/io\/wp-content\/uploads\/2022\/01\/Pensieri-2022-01-Atlas-08.png 730w, https:\/\/www.lemonskin.net\/io\/wp-content\/uploads\/2022\/01\/Pensieri-2022-01-Atlas-08-300x164.png 300w\" sizes=\"auto, (max-width: 730px) 100vw, 730px\" \/><\/figure>\n\n\n\n<p>Adesso gli artefatti si vedono, in particolare sulle aree marroni. Ma vabb\u00e8, non \u00e8 un&#8217;opera del Botticelli, serve unicamente per capire dove si trovano Bilbo e Frodo.<\/p>\n\n\n\n<p>Sto anche pensando di stampare alcune delle mappe pi\u00f9 grandi a parte e incollarle al libro, in modo da non doverle sacrificare a causa della rilegatura. Cos\u00ec si apriranno e saranno perfettamente leggibili (per esempio questa era divisa su due pagine, l&#8217;ho unita e ricostruito le parti che mancavano).<\/p>\n\n\n\n<p>Ora vediamo quanto ci metto a farmi passare la voglia di andare avanti&#8230; :)<\/p>\n<\/details>\n\n\n\n<details class=\"wp-block-details is-layout-flow wp-block-details-is-layout-flow\"><summary>18 gennaio<\/summary>\n<figure class=\"wp-block-image size-full\"><img loading=\"lazy\" decoding=\"async\" width=\"666\" height=\"397\" src=\"https:\/\/www.lemonskin.net\/io\/wp-content\/uploads\/2022\/01\/Pensieri-2022-01-18-Atlas-01.jpg\" alt=\"\" class=\"wp-image-27285\" srcset=\"https:\/\/www.lemonskin.net\/io\/wp-content\/uploads\/2022\/01\/Pensieri-2022-01-18-Atlas-01.jpg 666w, https:\/\/www.lemonskin.net\/io\/wp-content\/uploads\/2022\/01\/Pensieri-2022-01-18-Atlas-01-300x179.jpg 300w\" sizes=\"auto, (max-width: 666px) 100vw, 666px\" \/><\/figure>\n\n\n\n<p>Oggi ho lavorato sul testo. Credo manterr\u00f2 il layout a due colonne, anche se devo rivedere un po&#8217; la formattazione.<\/p>\n\n\n\n<figure class=\"wp-block-image size-full\"><img loading=\"lazy\" decoding=\"async\" width=\"666\" height=\"344\" src=\"https:\/\/www.lemonskin.net\/io\/wp-content\/uploads\/2022\/01\/Pensieri-2022-01-18-Atlas-02.png\" alt=\"\" class=\"wp-image-27288\" srcset=\"https:\/\/www.lemonskin.net\/io\/wp-content\/uploads\/2022\/01\/Pensieri-2022-01-18-Atlas-02.png 666w, https:\/\/www.lemonskin.net\/io\/wp-content\/uploads\/2022\/01\/Pensieri-2022-01-18-Atlas-02-300x155.png 300w\" sizes=\"auto, (max-width: 666px) 100vw, 666px\" \/><\/figure>\n\n\n\n<p>Ho deciso di eliminare le note che puntano alla fine del libro perch\u00e9 \u00e8 una rottura di palle andare ogni volta a cercarle. Ora i riferimenti ai libri sono in rosso (per esempio <span class=\"color\" style=\"color:#cf2e2e\">[H 91]<\/span> indica pagina 91 dello Hobbit, in questo caso l&#8217;edizione Bompiani deluxe). In verde, come avevo gi\u00e0 fatto ne <em>I Percorsi dell&#8217;Anello<\/em>, ci sono le equivalenti distanze nel nostro formato metrico-decimale. In grigio indicher\u00f2 la nomenclatura alternativa: in questo caso ho scelto di usare per default la traduzione di Fatica, perch\u00e9 nel giro di un paio d&#8217;anni diventer\u00e0 quella di riferimento; ma inserir\u00f2 anche tutte le altre localizzazioni. Nel caso di <span class=\"color\" style=\"color:#abb8c3\">Rupetra<\/span>, quella Alliata\/Principe nel SdA e Jeronimidis Conte\/Ciuferri nello Hobbit.<\/p>\n\n\n\n<p>Infine sto valutando la possibilit\u00e0 di evidenziare in blu i luoghi presenti nelle tavole di riferimento, in modo da trovarli velocemente. Ma su quest&#8217;ultima cosa ci devo pensare ancora un po&#8217;&#8230;<\/p>\n\n\n\n<p>Il grande problema dell&#8217;edizione italiana, che mi sta facendo perdere una marea di tempo, \u00e8 che le note sono state tradotte coi piedi: molte pagine indicate non hanno corrispondenza con i libri italiani (perlomeno con quelli attuali, visto che non hanno indicato in alcun modo le edizioni di rifermimento, che non sono le ultime); per cui devo prendere le note inglesi, andare a cercare il punto sui libri inglesi, poi prendere quelli italiani, trovare lo stesso punto e segnarmi il numero di pagina. Una follia nella follia!<\/p>\n<\/details>\n\n\n\n<details class=\"wp-block-details is-layout-flow wp-block-details-is-layout-flow\" open><summary>20 gennaio<\/summary>\n<p>Siccome mi piace saltare da una cosa all&#8217;altra, oggi ho deciso di uniformare le ultime mappe della Terra di Mezzo creando una versione universale:<\/p>\n\n\n\n<figure class=\"wp-block-image size-full\"><img loading=\"lazy\" decoding=\"async\" width=\"666\" height=\"515\" src=\"https:\/\/www.lemonskin.net\/io\/wp-content\/uploads\/2022\/01\/Pensieri-2022-01-20-TdM.png\" alt=\"\" class=\"wp-image-27298\" srcset=\"https:\/\/www.lemonskin.net\/io\/wp-content\/uploads\/2022\/01\/Pensieri-2022-01-20-TdM.png 666w, https:\/\/www.lemonskin.net\/io\/wp-content\/uploads\/2022\/01\/Pensieri-2022-01-20-TdM-300x232.png 300w\" sizes=\"auto, (max-width: 666px) 100vw, 666px\" \/><\/figure>\n\n\n\n<p>Come gi\u00e0 avevo fatto con la <a rel=\"noreferrer noopener\" href=\"https:\/\/www.lemonskin.net\/io\/23074\/\" data-type=\"post\" data-id=\"23074\" target=\"_blank\">Supermappa<\/a>, ora ci sar\u00e0 una edizione che amalgama entrambe le traduzioni italiane, in modo che possa andar bene indipendentemente dal libro che si sta leggendo. I nomi di default saranno quelli di Ottavio Fatica perch\u00e9, ci piaccia o no (a me non dispiace, anche se il mio cuore batte ancora per quelli Alliata), \u00e8 ormai lo <em>standard<\/em>; ovvero la nomenclatura ufficiale. L&#8217;equivalente nomenclatura classica \u00e8 in azzurro.<\/p>\n\n\n\n<p>C&#8217;\u00e8 tantissimo lavoro ancora da fare, oggi ho realizzato solo l&#8217;area della Contea (e nemmeno tutta) e ridisegnato la foresta di Boscuro\/Bosco Atro.<\/p>\n\n\n\n<figure class=\"wp-block-image size-full\"><img loading=\"lazy\" decoding=\"async\" width=\"666\" height=\"358\" src=\"https:\/\/www.lemonskin.net\/io\/wp-content\/uploads\/2022\/01\/Pensieri-2022-01-20-TdM-2.png\" alt=\"\" class=\"wp-image-27299\" srcset=\"https:\/\/www.lemonskin.net\/io\/wp-content\/uploads\/2022\/01\/Pensieri-2022-01-20-TdM-2.png 666w, https:\/\/www.lemonskin.net\/io\/wp-content\/uploads\/2022\/01\/Pensieri-2022-01-20-TdM-2-300x161.png 300w\" sizes=\"auto, (max-width: 666px) 100vw, 666px\" \/><\/figure>\n\n\n\n<p>Ma, siccome penso di utilizzare questa incarnazione per la futura mappa di Arda (vedi sopra, la nota del 16 gennaio) e probabilmente per una versione riveduta e corretta della Supermappa, conviene che porti a termine il progetto in tempi brevi.<\/p>\n\n\n\n<p>Nessuna paura, le mappe solo Alliata\/Principe e solo Fatica, verranno mantenute.<\/p>\n<\/details>\n\n\n\n<p>Qui terminano, per il momento, i miei pensieri di gennaio. :)<\/p>\n","protected":false},"excerpt":{"rendered":"<p>Ammetto di essere un blogger estremamente incostante. Passano spesso numerosi mesi tra un post e l\u2019altro e questo piccolo sito d\u00e0 un po\u2019 l\u2019impressione di essere abbandonato. In realt\u00e0 faccio tante cose, ho molte idee e progetti; molti dei quali non si concretizzano nel lungo termine, ma mi forniscono comunque nuovi spunti per realizzare qualcosa&hellip; <\/p>\n","protected":false},"author":1,"featured_media":0,"comment_status":"open","ping_status":"open","sticky":false,"template":"","format":"standard","meta":{"_acf_changed":false,"_stopmodifiedupdate":false,"_modified_date":"","advgb_blocks_editor_width":"","advgb_blocks_columns_visual_guide":"","jetpack_post_was_ever_published":false,"_jetpack_newsletter_access":"","_jetpack_dont_email_post_to_subs":false,"_jetpack_newsletter_tier_id":0,"_jetpack_memberships_contains_paywalled_content":false,"_jetpack_memberships_contains_paid_content":false,"footnotes":""},"categories":[38,9,2],"tags":[111247,111233,111296,111204,111280,111176,111203,111202,111362,111248,111258],"class_list":["post-27240","post","type-post","status-publish","format-standard","hentry","category-arte","category-libri","category-sito-web","tag-creazioni","tag-grafica","tag-idee","tag-il-signore-degli-anelli","tag-il-silmarillion","tag-immagini","tag-tolkien","tag-hobbit","tag-lrx","tag-mappe","tag-photoshop"],"acf":[],"author_meta":{"display_name":"lock","author_link":"https:\/\/www.lemonskin.net\/io\/author\/lock\/"},"featured_img":null,"jetpack_featured_media_url":"","coauthors":[],"tax_additional":{"categories":{"linked":["<a href=\"https:\/\/www.lemonskin.net\/io\/category\/arte\/\" class=\"advgb-post-tax-term\">arte<\/a>","<a href=\"https:\/\/www.lemonskin.net\/io\/category\/libri\/\" class=\"advgb-post-tax-term\">libri<\/a>","<a href=\"https:\/\/www.lemonskin.net\/io\/category\/sito-web\/\" class=\"advgb-post-tax-term\">sito web<\/a>"],"unlinked":["<span class=\"advgb-post-tax-term\">arte<\/span>","<span class=\"advgb-post-tax-term\">libri<\/span>","<span class=\"advgb-post-tax-term\">sito web<\/span>"]},"tags":{"linked":["<a href=\"https:\/\/www.lemonskin.net\/io\/category\/sito-web\/\" class=\"advgb-post-tax-term\">creazioni<\/a>","<a href=\"https:\/\/www.lemonskin.net\/io\/category\/sito-web\/\" class=\"advgb-post-tax-term\">grafica<\/a>","<a href=\"https:\/\/www.lemonskin.net\/io\/category\/sito-web\/\" class=\"advgb-post-tax-term\">idee<\/a>","<a href=\"https:\/\/www.lemonskin.net\/io\/category\/sito-web\/\" class=\"advgb-post-tax-term\">il Signore degli Anelli<\/a>","<a href=\"https:\/\/www.lemonskin.net\/io\/category\/sito-web\/\" class=\"advgb-post-tax-term\">il Silmarillion<\/a>","<a href=\"https:\/\/www.lemonskin.net\/io\/category\/sito-web\/\" class=\"advgb-post-tax-term\">immagini<\/a>","<a href=\"https:\/\/www.lemonskin.net\/io\/category\/sito-web\/\" class=\"advgb-post-tax-term\">J.R.R. Tolkien<\/a>","<a href=\"https:\/\/www.lemonskin.net\/io\/category\/sito-web\/\" class=\"advgb-post-tax-term\">lo Hobbit<\/a>","<a href=\"https:\/\/www.lemonskin.net\/io\/category\/sito-web\/\" class=\"advgb-post-tax-term\">lrx<\/a>","<a href=\"https:\/\/www.lemonskin.net\/io\/category\/sito-web\/\" class=\"advgb-post-tax-term\">mappe<\/a>","<a href=\"https:\/\/www.lemonskin.net\/io\/category\/sito-web\/\" class=\"advgb-post-tax-term\">Photoshop<\/a>"],"unlinked":["<span class=\"advgb-post-tax-term\">creazioni<\/span>","<span class=\"advgb-post-tax-term\">grafica<\/span>","<span class=\"advgb-post-tax-term\">idee<\/span>","<span class=\"advgb-post-tax-term\">il Signore degli Anelli<\/span>","<span class=\"advgb-post-tax-term\">il Silmarillion<\/span>","<span class=\"advgb-post-tax-term\">immagini<\/span>","<span class=\"advgb-post-tax-term\">J.R.R. Tolkien<\/span>","<span class=\"advgb-post-tax-term\">lo Hobbit<\/span>","<span class=\"advgb-post-tax-term\">lrx<\/span>","<span class=\"advgb-post-tax-term\">mappe<\/span>","<span class=\"advgb-post-tax-term\">Photoshop<\/span>"]}},"comment_count":"7","relative_dates":{"created":"Pubblicato 4 anni fa","modified":"Aggiornato 3 settimane fa"},"absolute_dates":{"created":"Pubblicato il 16 Gennaio 2022","modified":"Aggiornato il 7 Aprile 2026"},"absolute_dates_time":{"created":"Pubblicato il 16 Gennaio 2022 0:23","modified":"Aggiornato il 7 Aprile 2026 15:49"},"featured_img_caption":"","series_order":"","jetpack_sharing_enabled":true,"_links":{"self":[{"href":"https:\/\/www.lemonskin.net\/io\/wp-json\/wp\/v2\/posts\/27240","targetHints":{"allow":["GET"]}}],"collection":[{"href":"https:\/\/www.lemonskin.net\/io\/wp-json\/wp\/v2\/posts"}],"about":[{"href":"https:\/\/www.lemonskin.net\/io\/wp-json\/wp\/v2\/types\/post"}],"author":[{"embeddable":true,"href":"https:\/\/www.lemonskin.net\/io\/wp-json\/wp\/v2\/users\/1"}],"replies":[{"embeddable":true,"href":"https:\/\/www.lemonskin.net\/io\/wp-json\/wp\/v2\/comments?post=27240"}],"version-history":[{"count":2,"href":"https:\/\/www.lemonskin.net\/io\/wp-json\/wp\/v2\/posts\/27240\/revisions"}],"predecessor-version":[{"id":51112,"href":"https:\/\/www.lemonskin.net\/io\/wp-json\/wp\/v2\/posts\/27240\/revisions\/51112"}],"wp:attachment":[{"href":"https:\/\/www.lemonskin.net\/io\/wp-json\/wp\/v2\/media?parent=27240"}],"wp:term":[{"taxonomy":"category","embeddable":true,"href":"https:\/\/www.lemonskin.net\/io\/wp-json\/wp\/v2\/categories?post=27240"},{"taxonomy":"post_tag","embeddable":true,"href":"https:\/\/www.lemonskin.net\/io\/wp-json\/wp\/v2\/tags?post=27240"}],"curies":[{"name":"wp","href":"https:\/\/api.w.org\/{rel}","templated":true}]}}